{"id":1196,"date":"2017-03-28T15:08:16","date_gmt":"2017-03-28T14:08:16","guid":{"rendered":"https:\/\/www.tyresofiske.se\/?p=1196"},"modified":"2017-03-28T15:13:15","modified_gmt":"2017-03-28T14:13:15","slug":"forsta-hyrbatarna-sjosatta","status":"publish","type":"post","link":"https:\/\/www.tyresofiske.se\/index.php\/2017\/03\/28\/forsta-hyrbatarna-sjosatta\/","title":{"rendered":"F\u00f6rsta hyrb\u00e5tarna sj\u00f6satta"},"content":{"rendered":"<p>Nu drar hyrb\u00e5ts\u00e4songen ig\u00e5ng s\u00e5 sakteliga. De b\u00e4gge Sandholmsb\u00e5tarna \u00e4r sj\u00f6satta och klara f\u00f6r uthyrning. Kanske v\u00e4ntar \u00e5rets f\u00f6rsta \u00f6ring p\u00e5 dig i kanalen?<\/p>\n<p>N\u00e4sta p\u00e5 tur \u00e4r b\u00e5tarna vid Notholmen. H\u00e5ll koll p\u00e5 v\u00e5r <a href=\"http:\/\/www.bokningsprogram.nu\/bokn\/stugor\/tyreso\/medl\/redsolvalvisa.asp\" target=\"_blank\">bokningssida<\/a> vilka b\u00e5tar som \u00e4r sj\u00f6satta.<\/p>\n<p>Under vintern har \u00c4lmstab\u00e5tarna, som sommartid ligger i \u00d6ringesj\u00f6n, f\u00e5tt relingarna renoverade av hyrb\u00e5tsg\u00e4nget.<\/p>\n<p><a href=\"https:\/\/www.tyresofiske.se\/wp-content\/uploads\/2017\/03\/A\u0308lmstaba\u030at.jpg\"><img loading=\"lazy\" decoding=\"async\" class=\"alignnone size-large wp-image-1195\" src=\"https:\/\/www.tyresofiske.se\/wp-content\/uploads\/2017\/03\/A\u0308lmstaba\u030at-1024x768.jpg\" alt=\"\" width=\"1024\" height=\"768\" srcset=\"https:\/\/www.tyresofiske.se\/wp-content\/uploads\/2017\/03\/A\u0308lmstaba\u030at-1024x768.jpg 1024w, https:\/\/www.tyresofiske.se\/wp-content\/uploads\/2017\/03\/A\u0308lmstaba\u030at-300x225.jpg 300w, https:\/\/www.tyresofiske.se\/wp-content\/uploads\/2017\/03\/A\u0308lmstaba\u030at-768x576.jpg 768w, https:\/\/www.tyresofiske.se\/wp-content\/uploads\/2017\/03\/A\u0308lmstaba\u030at.jpg 1255w\" sizes=\"auto, (max-width: 1024px) 100vw, 1024px\" \/><\/a><\/p>\n","protected":false},"excerpt":{"rendered":"<p>Nu drar hyrb\u00e5ts\u00e4songen ig\u00e5ng s\u00e5 sakteliga. De b\u00e4gge Sandholmsb\u00e5tarna \u00e4r sj\u00f6satta och klara f\u00f6r uthyrning. Kanske v\u00e4ntar \u00e5rets f\u00f6rsta \u00f6ring p\u00e5 dig i kanalen? N\u00e4sta p\u00e5 tur \u00e4r b\u00e5tarna vid &hellip; <a href=\"https:\/\/www.tyresofiske.se\/index.php\/2017\/03\/28\/forsta-hyrbatarna-sjosatta\/\" class=\"more-link\">Forts\u00e4tt l\u00e4sa <span class=\"screen-reader-text\">F\u00f6rsta hyrb\u00e5tarna sj\u00f6satta<\/span> <span class=\"meta-nav\">&rarr;<\/span><\/a><\/p>\n","protected":false},"author":2,"featured_media":0,"comment_status":"closed","ping_status":"open","sticky":false,"template":"","format":"standard","meta":{"_acf_changed":false,"footnotes":""},"categories":[9],"tags":[],"class_list":["post-1196","post","type-post","status-publish","format-standard","hentry","category-aktuell_information"],"acf":[],"_links":{"self":[{"href":"https:\/\/www.tyresofiske.se\/index.php\/wp-json\/wp\/v2\/posts\/1196","targetHints":{"allow":["GET"]}}],"collection":[{"href":"https:\/\/www.tyresofiske.se\/index.php\/wp-json\/wp\/v2\/posts"}],"about":[{"href":"https:\/\/www.tyresofiske.se\/index.php\/wp-json\/wp\/v2\/types\/post"}],"author":[{"embeddable":true,"href":"https:\/\/www.tyresofiske.se\/index.php\/wp-json\/wp\/v2\/users\/2"}],"replies":[{"embeddable":true,"href":"https:\/\/www.tyresofiske.se\/index.php\/wp-json\/wp\/v2\/comments?post=1196"}],"version-history":[{"count":5,"href":"https:\/\/www.tyresofiske.se\/index.php\/wp-json\/wp\/v2\/posts\/1196\/revisions"}],"predecessor-version":[{"id":1201,"href":"https:\/\/www.tyresofiske.se\/index.php\/wp-json\/wp\/v2\/posts\/1196\/revisions\/1201"}],"wp:attachment":[{"href":"https:\/\/www.tyresofiske.se\/index.php\/wp-json\/wp\/v2\/media?parent=1196"}],"wp:term":[{"taxonomy":"category","embeddable":true,"href":"https:\/\/www.tyresofiske.se\/index.php\/wp-json\/wp\/v2\/categories?post=1196"},{"taxonomy":"post_tag","embeddable":true,"href":"https:\/\/www.tyresofiske.se\/index.php\/wp-json\/wp\/v2\/tags?post=1196"}],"curies":[{"name":"wp","href":"https:\/\/api.w.org\/{rel}","templated":true}]}}